{"id":5668,"date":"2026-08-31T16:53:17","date_gmt":"2026-08-31T20:53:17","guid":{"rendered":"https:\/\/dri.udec.cl\/?p=5668"},"modified":"2026-09-01T10:00:45","modified_gmt":"2026-09-01T14:00:45","slug":"estudiantes-de-la-udec-conocen-oportunidades-de-movilidad-y-becas-para-estudiar-en-alemania","status":"publish","type":"post","link":"https:\/\/dri.udec.cl\/en\/estudiantes-de-la-udec-conocen-oportunidades-de-movilidad-y-becas-para-estudiar-en-alemania\/","title":{"rendered":"Estudiantes de la Facultad de Educaci\u00f3n conocen oportunidades de movilidad y becas para estudiar en Alemania"},"content":{"rendered":"<p data-start=\"590\" data-end=\"846\"><em>La actividad, organizada por la Facultad de Educaci\u00f3n, permiti\u00f3 conocer alternativas de movilidad internacional y financiamiento, adem\u00e1s de compartir el testimonio de una estudiante que realizar\u00e1 una experiencia acad\u00e9mica en Alemania con una beca DAAD.<\/em><\/p>\n<p data-start=\"848\" data-end=\"1130\"><img loading=\"lazy\" decoding=\"async\" class=\"size-medium wp-image-5672 aligncenter\" src=\"https:\/\/dri.udec.cl\/wp-content\/uploads\/2026\/09\/WhatsApp-Image-2026-08-31-at-15.05.07-300x225.jpeg\" alt=\"\" width=\"300\" height=\"225\" \/>Con el objetivo de acercar las oportunidades de internacionalizaci\u00f3n a sus estudiantes, la <strong data-start=\"939\" data-end=\"996\">Facultad de Educaci\u00f3n de la Universidad de Concepci\u00f3n<\/strong> organiz\u00f3 una charla informativa sobre alternativas de estudio, movilidad y becas para desarrollar experiencias acad\u00e9micas en el extranjero.<\/p>\n<p data-start=\"1132\" data-end=\"1522\"><img loading=\"lazy\" decoding=\"async\" class=\"size-medium wp-image-5671 alignleft\" src=\"https:\/\/dri.udec.cl\/wp-content\/uploads\/2026\/09\/WhatsApp-Image-2026-08-31-at-15.05.08-1-300x225.jpeg\" alt=\"\" width=\"300\" height=\"225\" \/>La actividad fue organizada por el <strong data-start=\"1167\" data-end=\"1250\">Coordinador Internacional de la Facultad de Educaci\u00f3n, Dr. Claudio D\u00edaz Larenas<\/strong>, y cont\u00f3 con la participaci\u00f3n de <strong data-start=\"1284\" data-end=\"1313\">Natalia Mardones Mardones<\/strong>, de la Unidad de Movilidad de la Direcci\u00f3n de Relaciones Internacionales , y <strong data-start=\"1407\" data-end=\"1428\">Pauline Courvalin<\/strong>, Lectora del <a href=\"https:\/\/www.daad.cl\/es\/\" target=\"_blank\" rel=\"noopener\">Servicio Alem\u00e1n de Intercambio Acad\u00e9mico<\/a> (DAAD) en la Universidad de Concepci\u00f3n.<\/p>\n<p data-start=\"1524\" data-end=\"1847\">Durante la jornada, las y los estudiantes pudieron conocer distintas posibilidades para realizar per\u00edodos de estudio y experiencias de movilidad en instituciones de educaci\u00f3n superior alemanas, as\u00ed como informaci\u00f3n sobre becas y mecanismos de financiamiento disponibles para estudiantes de la Universidad de Concepci\u00f3n.<\/p>\n<p data-start=\"1849\" data-end=\"2144\"><img loading=\"lazy\" decoding=\"async\" class=\"size-medium wp-image-5669 alignright\" src=\"https:\/\/dri.udec.cl\/wp-content\/uploads\/2026\/09\/WhatsApp-Image-2026-08-31-at-15.44.07-300x225.jpeg\" alt=\"\" width=\"300\" height=\"225\" \/>Uno de los momentos destacados de la actividad fue el testimonio de <strong data-start=\"1917\" data-end=\"1944\">Polette P\u00e9rez Contreras<\/strong>, estudiante de la carrera de Traducci\u00f3n e Interpretaci\u00f3n en Idiomas Extranjeros, quien comparti\u00f3 su experiencia tras adjudicarse una <strong data-start=\"2076\" data-end=\"2143\">beca del DAAD para realizar una movilidad acad\u00e9mica en Alemania<\/strong>.<\/p>\n<p data-start=\"2146\" data-end=\"2416\">Su experiencia permiti\u00f3 acercar de manera concreta las posibilidades que ofrecen estos programas y mostrar c\u00f3mo una experiencia de movilidad internacional puede contribuir tanto a la formaci\u00f3n acad\u00e9mica como al desarrollo personal y profesional de las y los estudiantes.<\/p>\n<p data-start=\"2418\" data-end=\"2633\">La iniciativa se enmarca en el compromiso de la Universidad de Concepci\u00f3n por fortalecer la internacionalizaci\u00f3n de la formaci\u00f3n de sus estudiantes y ampliar el acceso a oportunidades de movilidad internacional.<\/p>","protected":false},"excerpt":{"rendered":"<p>La actividad, organizada por la Facultad de Educaci\u00f3n, permiti\u00f3 conocer alternativas de movilidad internacional y financiamiento, adem\u00e1s de compartir el testimonio de una estudiante que realizar\u00e1 una experiencia acad\u00e9mica en Alemania con una beca DAAD. Con el objetivo de acercar las oportunidades de internacionalizaci\u00f3n a sus estudiantes, la Facultad de Educaci\u00f3n de la Universidad de [&hellip;]<\/p>\n","protected":false},"author":8,"featured_media":5673,"comment_status":"closed","ping_status":"closed","sticky":false,"template":"","format":"standard","meta":{"_acf_changed":false,"_et_pb_use_builder":"","_et_pb_old_content":"","_et_gb_content_width":"","rs_blank_template":"","rs_page_bg_color":"","slide_template_v7":"","footnotes":""},"categories":[66,8],"tags":[],"class_list":["post-5668","post","type-post","status-publish","format-standard","has-post-thumbnail","hentry","category-breve","category-noticias"],"acf":[],"_links":{"self":[{"href":"https:\/\/dri.udec.cl\/en\/wp-json\/wp\/v2\/posts\/5668","targetHints":{"allow":["GET"]}}],"collection":[{"href":"https:\/\/dri.udec.cl\/en\/wp-json\/wp\/v2\/posts"}],"about":[{"href":"https:\/\/dri.udec.cl\/en\/wp-json\/wp\/v2\/types\/post"}],"author":[{"embeddable":true,"href":"https:\/\/dri.udec.cl\/en\/wp-json\/wp\/v2\/users\/8"}],"replies":[{"embeddable":true,"href":"https:\/\/dri.udec.cl\/en\/wp-json\/wp\/v2\/comments?post=5668"}],"version-history":[{"count":3,"href":"https:\/\/dri.udec.cl\/en\/wp-json\/wp\/v2\/posts\/5668\/revisions"}],"predecessor-version":[{"id":5676,"href":"https:\/\/dri.udec.cl\/en\/wp-json\/wp\/v2\/posts\/5668\/revisions\/5676"}],"wp:featuredmedia":[{"embeddable":true,"href":"https:\/\/dri.udec.cl\/en\/wp-json\/wp\/v2\/media\/5673"}],"wp:attachment":[{"href":"https:\/\/dri.udec.cl\/en\/wp-json\/wp\/v2\/media?parent=5668"}],"wp:term":[{"taxonomy":"category","embeddable":true,"href":"https:\/\/dri.udec.cl\/en\/wp-json\/wp\/v2\/categories?post=5668"},{"taxonomy":"post_tag","embeddable":true,"href":"https:\/\/dri.udec.cl\/en\/wp-json\/wp\/v2\/tags?post=5668"}],"curies":[{"name":"wp","href":"https:\/\/api.w.org\/{rel}","templated":true}]}}