{"id":5708,"date":"2026-09-03T15:27:47","date_gmt":"2026-09-03T19:27:47","guid":{"rendered":"https:\/\/dri.udec.cl\/?p=5708"},"modified":"2026-09-03T15:27:47","modified_gmt":"2026-09-03T19:27:47","slug":"udec-consolida-su-red-de-coordinadores-para-acercar-la-internacionalizacion-a-sus-facultades-y-campus","status":"publish","type":"post","link":"https:\/\/dri.udec.cl\/en\/udec-consolida-su-red-de-coordinadores-para-acercar-la-internacionalizacion-a-sus-facultades-y-campus\/","title":{"rendered":"UdeC consolida su red de coordinadores para acercar la internacionalizaci\u00f3n a sus facultades y campus"},"content":{"rendered":"<p><em>La jornada convocada por la Direcci\u00f3n de Relaciones Internacionales reuni\u00f3 a representantes de facultades y campus para compartir lineamientos, herramientas y estrategias orientadas a fortalecer la difusi\u00f3n de oportunidades de movilidad y avanzar hacia criterios comunes para la gesti\u00f3n de la internacionalizaci\u00f3n.<\/em><\/p>\n<p>La actividad, realizada este jueves 3 de septiembre reuni\u00f3 a coordinadores y coordinadoras de distintas unidades acad\u00e9micas y campus, quienes tuvieron la oportunidad de conocer los principales lineamientos y herramientas que actualmente impulsa la DRI. Entre los temas abordados estuvieron el Calendario de Convocatorias Internacionales, el proceso de avance en la coordinaci\u00f3n con la Direcci\u00f3n de Docencia, la sistematizaci\u00f3n de Convenios Internacionales y estrategias de difusi\u00f3n.<\/p>\n<p>La instancia busc\u00f3, adem\u00e1s, fortalecer el rol de quienes se desempe\u00f1an como coordinadores y coordinadoras de internacionalizaci\u00f3n, especialmente como articuladores entre la Direcci\u00f3n de Relaciones Internacionales y sus respectivas facultades y campus.<\/p>\n<p><strong>Un rol clave para acercar las oportunidades internacionales<\/strong><\/p>\n<p><img loading=\"lazy\" decoding=\"async\" class=\"size-medium wp-image-5713 alignright\" src=\"https:\/\/dri.udec.cl\/wp-content\/uploads\/2026\/09\/WhatsApp-Image-2026-09-03-at-15.18.13-300x225.jpeg\" alt=\"\" width=\"300\" height=\"225\" \/>Para la Directora de Relaciones Internacionales, <strong>Sof\u00eda Valenzuela \u00c1guila<\/strong>, el trabajo de los coordinadores resulta fundamental para acercar la internacionalizaci\u00f3n a las distintas comunidades acad\u00e9micas.<\/p>\n<blockquote><p><em>\u201cPara nosotros como DRI es muy importante el rol que van a tener y tienen los coordinadores de internacionalizaci\u00f3n en las distintas facultades, as\u00ed como en los distintos campus\u201d.<\/em><\/p><\/blockquote>\n<p>La Directora destac\u00f3 que, entre sus principales funciones, se encuentra apoyar la circulaci\u00f3n de informaci\u00f3n, colaborar en la difusi\u00f3n de las actividades y, especialmente, acercar las oportunidades de movilidad internacional a los estudiantes, tanto para quienes buscan realizar experiencias en el extranjero como para quienes reciben a estudiantes visitantes en la Universidad.<\/p>\n<p>En este sentido, la jornada permiti\u00f3 avanzar en una estrategia de trabajo conjunto que busca que las distintas unidades manejen informaci\u00f3n y criterios comunes respecto de los procesos y oportunidades de internacionalizaci\u00f3n.<\/p>\n<blockquote><p><em>\u201cFue una reuni\u00f3n bastante productiva\u201d,<\/em> se\u00f1al\u00f3 Valenzuela, destacando que durante el encuentro se dieron a conocer las acciones que est\u00e1 desarrollando la Direcci\u00f3n, junto con informaci\u00f3n y datos disponibles a la fecha. A ello se sum\u00f3 la presentaci\u00f3n de una estrategia destinada a <em>\u201cseguir colaborando de forma unificada, con criterios comunes\u201d<\/em>, con miras a establecer un lenguaje transversal y fortalecer los indicadores institucionales asociados a la internacionalizaci\u00f3n.<\/p><\/blockquote>\n<p>La Directora agreg\u00f3 que este trabajo conjunto adquiere especial relevancia considerando los desaf\u00edos institucionales de la Universidad, particularmente <em>\u201cen mirar hacia la acreditaci\u00f3n del a\u00f1o 2030\u201d.<\/em><\/p>\n<p><strong>De la informaci\u00f3n a la acci\u00f3n<\/strong><\/p>\n<p><img loading=\"lazy\" decoding=\"async\" class=\"size-medium wp-image-5714 alignleft\" src=\"https:\/\/dri.udec.cl\/wp-content\/uploads\/2026\/09\/WhatsApp-Image-2026-09-03-at-15.18.13-2-300x225.jpeg\" alt=\"\" width=\"300\" height=\"225\" \/>Desde las unidades acad\u00e9micas, los participantes valoraron especialmente la posibilidad de contar con m\u00e1s informaci\u00f3n sobre los procesos y oportunidades disponibles.<\/p>\n<p>Para <strong>Mar\u00eda Jos\u00e9 Cares, Coordinadora de Relaciones Internacionales del Campus Los \u00c1ngeles<\/strong>, uno de los principales desaf\u00edos de su funci\u00f3n es precisamente facilitar el traspaso de informaci\u00f3n hacia estudiantes, acad\u00e9micos, acad\u00e9micas y funcionarios.<\/p>\n<blockquote><p><em>\u201cPrincipalmente la importancia del rol de coordinadora tiene que ver con el traspaso de la informaci\u00f3n, la difusi\u00f3n de la informaci\u00f3n para que llegue a nuestros estudiantes y a nuestros acad\u00e9micos tambi\u00e9n y funcionarios en general del campus\u201d,<\/em> explic\u00f3.<\/p><\/blockquote>\n<p>Tras participar en la jornada, Cares destac\u00f3 que contar con mayor claridad respecto de los procedimientos y reordenamientos permitir\u00e1 transmitir esta informaci\u00f3n a las distintas escuelas del Campus Los \u00c1ngeles y contribuir a visibilizar las oportunidades que ofrece la Universidad en materia de internacionalizaci\u00f3n.<\/p>\n<p>En la misma l\u00ednea, el Coordinador Internacional de la Facultad de Ciencias Qu\u00edmicas, <strong>Mohamed Darouch<\/strong>, valor\u00f3 la informaci\u00f3n entregada durante el encuentro como una herramienta para desarrollar de mejor manera su labor.<\/p>\n<p>El acad\u00e9mico puso especial \u00e9nfasis en la necesidad de que los estudiantes conozcan las posibilidades de realizar pasant\u00edas en el extranjero, acceder a becas y aprovechar los convenios internacionales con los que cuenta la Universidad.<\/p>\n<blockquote><p><em>\u201cLos estudiantes no est\u00e1n tan bien enterados de lo que se est\u00e1 ofreciendo aqu\u00ed en la universidad\u201d,<\/em> se\u00f1al\u00f3, destacando que la jornada le permiti\u00f3 conocer las distintas alternativas disponibles y regresar a su facultad con mayores herramientas para difundirlas.<\/p><\/blockquote>\n<p><strong>Coordinadores como puente entre la DRI y las facultades<\/strong><\/p>\n<p>La funci\u00f3n de articulaci\u00f3n tambi\u00e9n fue relevada por <strong>Paul Mu\u00f1oz, acad\u00e9mico y Coordinador de Internacionalizaci\u00f3n de la Facultad de Ingenier\u00eda Agr\u00edcola<\/strong>, quien defini\u00f3 el cargo como una responsabilidad y, especialmente, como una labor de puente entre la Direcci\u00f3n y las facultades.<\/p>\n<blockquote><p><em>\u201cHay muchas oportunidades que est\u00e1n por ah\u00ed para movilidad entrante y\u00a0 saliente, pero que no se conoce, entonces el rol es justamente visibilizar esas oportunidades y promover que los estudiantes se atrevan a salir de su zona de confort\u201d,<\/em> afirm\u00f3.<\/p><\/blockquote>\n<p>Mu\u00f1oz destac\u00f3 que uno de los principales desaf\u00edos posteriores al encuentro ser\u00e1 transformar la informaci\u00f3n recibida en acciones concretas al interior de su unidad acad\u00e9mica.<\/p>\n<blockquote><p><em>\u201cMe quedo con mucha tarea pendiente, hay que revisar la informaci\u00f3n, hay que comprometerse y lo m\u00e1s importante es contactarse con los y las estudiantes de la facultad y empezar a trabajar\u201d,<\/em> se\u00f1al\u00f3.<\/p><\/blockquote>\n<p><img loading=\"lazy\" decoding=\"async\" class=\"size-medium wp-image-5715 alignright\" src=\"https:\/\/dri.udec.cl\/wp-content\/uploads\/2026\/09\/WhatsApp-Image-2026-09-03-at-15.18.13-3-300x225.jpeg\" alt=\"\" width=\"300\" height=\"225\" \/>De esta manera, el encuentro no solo permiti\u00f3 compartir informaci\u00f3n, sino tambi\u00e9n reforzar una red de colaboraci\u00f3n al interior de la Universidad, orientada a que las oportunidades internacionales puedan llegar de manera m\u00e1s efectiva a las y los estudiantes y a todos los integrantes de la comunidad universitaria.<\/p>\n<p>La Direcci\u00f3n a trav\u00e9s de estos encuentros busca avanzar hacia una internacionalizaci\u00f3n que no se concentre \u00fanicamente en sus propias acciones, sino que pueda ser incorporada y promovida transversalmente desde las distintas facultades y campus, acercando sus oportunidades a toda la comunidad universitaria.<\/p>\n<p>&nbsp;<\/p>","protected":false},"excerpt":{"rendered":"<p>La jornada convocada por la Direcci\u00f3n de Relaciones Internacionales reuni\u00f3 a representantes de facultades y campus para compartir lineamientos, herramientas y estrategias orientadas a fortalecer la difusi\u00f3n de oportunidades de movilidad y avanzar hacia criterios comunes para la gesti\u00f3n de la internacionalizaci\u00f3n. La actividad, realizada este jueves 3 de septiembre reuni\u00f3 a coordinadores y coordinadoras [&hellip;]<\/p>\n","protected":false},"author":8,"featured_media":5712,"comment_status":"closed","ping_status":"closed","sticky":false,"template":"","format":"standard","meta":{"_acf_changed":false,"_et_pb_use_builder":"","_et_pb_old_content":"","_et_gb_content_width":"","rs_blank_template":"","rs_page_bg_color":"","slide_template_v7":"","footnotes":""},"categories":[8],"tags":[],"class_list":["post-5708","post","type-post","status-publish","format-standard","has-post-thumbnail","hentry","category-noticias"],"acf":[],"_links":{"self":[{"href":"https:\/\/dri.udec.cl\/en\/wp-json\/wp\/v2\/posts\/5708","targetHints":{"allow":["GET"]}}],"collection":[{"href":"https:\/\/dri.udec.cl\/en\/wp-json\/wp\/v2\/posts"}],"about":[{"href":"https:\/\/dri.udec.cl\/en\/wp-json\/wp\/v2\/types\/post"}],"author":[{"embeddable":true,"href":"https:\/\/dri.udec.cl\/en\/wp-json\/wp\/v2\/users\/8"}],"replies":[{"embeddable":true,"href":"https:\/\/dri.udec.cl\/en\/wp-json\/wp\/v2\/comments?post=5708"}],"version-history":[{"count":1,"href":"https:\/\/dri.udec.cl\/en\/wp-json\/wp\/v2\/posts\/5708\/revisions"}],"predecessor-version":[{"id":5716,"href":"https:\/\/dri.udec.cl\/en\/wp-json\/wp\/v2\/posts\/5708\/revisions\/5716"}],"wp:featuredmedia":[{"embeddable":true,"href":"https:\/\/dri.udec.cl\/en\/wp-json\/wp\/v2\/media\/5712"}],"wp:attachment":[{"href":"https:\/\/dri.udec.cl\/en\/wp-json\/wp\/v2\/media?parent=5708"}],"wp:term":[{"taxonomy":"category","embeddable":true,"href":"https:\/\/dri.udec.cl\/en\/wp-json\/wp\/v2\/categories?post=5708"},{"taxonomy":"post_tag","embeddable":true,"href":"https:\/\/dri.udec.cl\/en\/wp-json\/wp\/v2\/tags?post=5708"}],"curies":[{"name":"wp","href":"https:\/\/api.w.org\/{rel}","templated":true}]}}